{"id":2978,"date":"2021-09-01T09:19:00","date_gmt":"2021-09-01T07:19:00","guid":{"rendered":"http:\/\/ustronie.radom.pl\/cms\/?p=2978"},"modified":"2022-10-20T10:05:07","modified_gmt":"2022-10-20T08:05:07","slug":"ogloszenie-dot-zagospodarowania-terenu-wraz-z-budynkiem-po-hydrofornii-przy-ul-armii-krajowej-w-radomiu","status":"publish","type":"post","link":"https:\/\/ustronie.radom.pl\/cms\/2021\/09\/01\/ogloszenie-dot-zagospodarowania-terenu-wraz-z-budynkiem-po-hydrofornii-przy-ul-armii-krajowej-w-radomiu\/","title":{"rendered":"OG\u0141OSZENIE DOT. ZAGOSPODAROWANIA TERENU WRAZ Z BUDYNKIEM PO HYDROFORNII PRZY UL. ARMII KRAJOWEJ W RADOMIU"},"content":{"rendered":"<p><strong>Przedmiot zagospodarowania:<\/strong><\/p>\n<p>Przedmiotem zagospodarowania s\u0105 dzia\u0142ki nr&nbsp; 475, 476, 509, 510, b\u0119d\u0105ce w u\u017cytkowaniu wieczystym&nbsp; SM Ustronie stanowi\u0105ce jedn\u0105 nieruchomo\u015b\u0107 o \u0142\u0105cznej pow. 3236m<sup>2<\/sup> na kt\u00f3rej znajduje si\u0119 nieczynny murowany, jednokondygnacyjny budynek hydroforni o pow. ok 240m<sup>2<\/sup> ( wymiary 12,00m x 20,00m).<br \/>\nDo budynku pod\u0142\u0105czone s\u0105 media: woda, pr\u0105d, gaz.<\/p>\n<p>Przedmiotowa nieruchomo\u015b\u0107 znajduje si\u0119 w bezpo\u015brednim s\u0105siedztwie budynk\u00f3w mieszkalnych. Planowana inwestycja nie mo\u017ce by\u0107 uci\u0105\u017cliwa dla mieszka\u0144c\u00f3w pobliskich blok\u00f3w.<\/p>\n<p>Sp\u00f3\u0142dzielnia dopuszcza mo\u017cliwo\u015b\u0107 zagospodarowania cz\u0119\u015bci nieruchomo\u015bci gruntowej obejmuj\u0105cej t\u0119 cz\u0119\u015b\u0107 na kt\u00f3rej znajduje si\u0119 budynek wraz z niezb\u0119dnym terenem do jego prawid\u0142owego funkcjonowania.<\/p>\n<p>Oferty cenowe wraz z koncepcj\u0105 zagospodarowania nale\u017cy sk\u0142ada\u0107 do Sp\u00f3\u0142dzielni Mieszkaniowej&nbsp; \u201eUstronie\u201d, &nbsp;adres: ul. Wy\u015bcigowa 19, 26-611 Radom.<\/p>\n<p>W celu dokonania ogl\u0119dzin nieruchomo\u015bci prosimy o kontakt telefoniczny tel: 048\/ 385 74 00 wewn. 125 lub 147. kom. 665 250 065<\/p>\n<p><a href=\"https:\/\/ustronie.radom.pl\/cms\/wp-content\/uploads\/2021\/08\/Armii-Krajowej.jpg\"><img loading=\"lazy\" class=\"alignnone size-full wp-image-2979\" src=\"https:\/\/ustronie.radom.pl\/cms\/wp-content\/uploads\/2021\/08\/Armii-Krajowej.jpg\" alt=\"Armii Krajowej\" width=\"748\" height=\"408\" srcset=\"https:\/\/ustronie.radom.pl\/cms\/wp-content\/uploads\/2021\/08\/Armii-Krajowej.jpg 748w, https:\/\/ustronie.radom.pl\/cms\/wp-content\/uploads\/2021\/08\/Armii-Krajowej-300x164.jpg 300w\" sizes=\"(max-width: 748px) 100vw, 748px\" \/><\/a><\/p>\n","protected":false},"excerpt":{"rendered":"<p>Przedmiot zagospodarowania: Przedmiotem zagospodarowania s\u0105 dzia\u0142ki nr&nbsp; 475, 476, 509, 510, b\u0119d\u0105ce w u\u017cytkowaniu wieczystym&nbsp; SM Ustronie stanowi\u0105ce jedn\u0105 nieruchomo\u015b\u0107 o \u0142\u0105cznej pow. 3236m2 na kt\u00f3rej znajduje si\u0119 nieczynny murowany, jednokondygnacyjny budynek hydroforni o&#46;&#46;&#46;<\/p>\n","protected":false},"author":2,"featured_media":0,"comment_status":"closed","ping_status":"open","sticky":false,"template":"","format":"standard","meta":[],"categories":[8,9,7],"tags":[],"_links":{"self":[{"href":"https:\/\/ustronie.radom.pl\/cms\/wp-json\/wp\/v2\/posts\/2978"}],"collection":[{"href":"https:\/\/ustronie.radom.pl\/cms\/wp-json\/wp\/v2\/posts"}],"about":[{"href":"https:\/\/ustronie.radom.pl\/cms\/wp-json\/wp\/v2\/types\/post"}],"author":[{"embeddable":true,"href":"https:\/\/ustronie.radom.pl\/cms\/wp-json\/wp\/v2\/users\/2"}],"replies":[{"embeddable":true,"href":"https:\/\/ustronie.radom.pl\/cms\/wp-json\/wp\/v2\/comments?post=2978"}],"version-history":[{"count":3,"href":"https:\/\/ustronie.radom.pl\/cms\/wp-json\/wp\/v2\/posts\/2978\/revisions"}],"predecessor-version":[{"id":3672,"href":"https:\/\/ustronie.radom.pl\/cms\/wp-json\/wp\/v2\/posts\/2978\/revisions\/3672"}],"wp:attachment":[{"href":"https:\/\/ustronie.radom.pl\/cms\/wp-json\/wp\/v2\/media?parent=2978"}],"wp:term":[{"taxonomy":"category","embeddable":true,"href":"https:\/\/ustronie.radom.pl\/cms\/wp-json\/wp\/v2\/categories?post=2978"},{"taxonomy":"post_tag","embeddable":true,"href":"https:\/\/ustronie.radom.pl\/cms\/wp-json\/wp\/v2\/tags?post=2978"}],"curies":[{"name":"wp","href":"https:\/\/api.w.org\/{rel}","templated":true}]}}