{"id":3881,"date":"2023-03-30T10:50:19","date_gmt":"2023-03-30T08:50:19","guid":{"rendered":"https:\/\/ustronie.radom.pl\/cms\/?p=3881"},"modified":"2023-03-30T10:50:20","modified_gmt":"2023-03-30T08:50:20","slug":"przekazanie-petycji-pani-minister-klimatu-i-srodowiska","status":"publish","type":"post","link":"https:\/\/ustronie.radom.pl\/cms\/2023\/03\/30\/przekazanie-petycji-pani-minister-klimatu-i-srodowiska\/","title":{"rendered":"Przekazanie Petycji Pani Minister Klimatu i \u015arodowiska"},"content":{"rendered":"\n<p><strong><em>Szanowni Pa\u0144stwo Zarz\u0105dcy Nieruchomo\u015bci budynk\u00f3w zbiorowego zamieszkania<\/em><\/strong><\/p>\n\n\n\n<p>Uprzejmie informujemy, \u017ce <strong>30 marca 2023 r.<\/strong> (czwartek) <strong>o godz. 13:00<\/strong> w <strong>Ministerstwie Klimatu i \u015arodowiska<\/strong> (wej\u015bcie od ul. Miko\u0142aja Reja 3\/5) z udzia\u0142em medi\u00f3w oraz Przedstawicieli zarz\u0105dc\u00f3w nieruchomo\u015bci zostanie dokonane przekazanie petycji mieszka\u0144c\u00f3w budynk\u00f3w wielolokalowych z terenu ca\u0142ego kraju. Petycje dotycz\u0105 rekompensaty za bie\u017c\u0105cy sezon grzewczy 2022\/2023 w wysoko\u015bci jednego tysi\u0105ca z\u0142otych na lokal mieszkalny, w postaci dofinansowania koszt\u00f3w ciep\u0142a ponoszonych przez mieszka\u0144c\u00f3w budynk\u00f3w wielolokalowych.<\/p>\n\n\n\n<p>Na dzie\u0144 23.03.2023 r. (zaledwie przez 10 dni) pod petycjami zebranych zosta\u0142o <strong>120.000<\/strong> (s\u0142ownie: sto dwadzie\u015bcia tysi\u0119cy) podpis\u00f3w mieszka\u0144c\u00f3w budynk\u00f3w wielolokalowych (taka ilo\u015b\u0107 wp\u0142yn\u0119\u0142a bezpo\u015brednio do siedziby Instytutu Gospodarki Nieruchomo\u015bciami). Kolejne tysi\u0105ce petycji wp\u0142ywa ka\u017cdego dnia. Ilo\u015b\u0107 petycji zapewne ulegnie zwi\u0119kszeniu do czasu ich z\u0142o\u017cenia&nbsp;w ministerstwie. Du\u017ca cz\u0119\u015b\u0107 zarz\u0105dc\u00f3w nieruchomo\u015bci oraz mieszka\u0144c\u00f3w przes\u0142a\u0142a tak\u017ce petycje bezpo\u015brednio do ministerstwa, zatem \u0142\u0105czna ilo\u015b\u0107 podpis\u00f3w pod petycjami mo\u017ce przekroczy\u0107 nawet 200.000. Wszystkim Pa\u0144stwu mieszka\u0144com budynk\u00f3w wielolokalowych, zarz\u0105dcom nieruchomo\u015bci, izbom, federacjom, stowarzyszeniom, zwi\u0105zkom rewizyjnym, pracownikom Instytutu Gospodarki Nieruchomo\u015bciami i innym osobom fizycznym i prawnym, kt\u00f3rzy przyczynili si\u0119 do zebrania tak olbrzymiej ilo\u015bci podpis\u00f3w pod petycjami, w tak kr\u00f3tkim okresie czasu, chcieliby\u015bmy <strong>bardzo serdecznie podzi\u0119kowa\u0107<\/strong>.<\/p>\n\n\n\n<p>Jednocze\u015bnie zwracamy si\u0119 do Pa\u0144stwa z pro\u015bb\u0105 o rozwa\u017cenie mo\u017cliwo\u015bci osobistego udzia\u0142u przy przekazaniu petycji na r\u0119ce Pani Minister Klimatu i \u015arodowiska (prosimy o zwrotn\u0105 informacj\u0119 w tej sprawie). &nbsp;&nbsp;&nbsp;&nbsp;&nbsp;W trakcie przekazania petycji odb\u0119dzie si\u0119 r\u00f3wnie\u017c konferencja prasowa dla zainteresowanych przedstawicieli medi\u00f3w.<\/p>\n\n\n\n<p><strong>Serdecznie Pa\u0144stwu dzi\u0119kujemy za wsp\u00f3ln\u0105 akcj\u0119 zbierania podpis\u00f3w pod petycjami!<\/strong><\/p>\n\n\n\n<p><em>z powa\u017caniem,<\/em><\/p>\n\n\n\n<p><em>Arkadiusz Borek<\/em><\/p>\n\n\n\n<p><em>prezes zarz\u0105du Instytutu Gospodarki Nieruchomo\u015bciami<\/em><\/p>\n\n\n\n<p><em>wiceprezes zarz\u0105du Krajowej Izby Gospodarki Nieruchomo\u015bciami<\/em><\/p>\n","protected":false},"excerpt":{"rendered":"<p>Szanowni Pa\u0144stwo Zarz\u0105dcy Nieruchomo\u015bci budynk\u00f3w zbiorowego zamieszkania Uprzejmie informujemy, \u017ce 30 marca 2023 r. (czwartek) o godz. 13:00 w Ministerstwie Klimatu i \u015arodowiska (wej\u015bcie od ul. Miko\u0142aja Reja 3\/5) z udzia\u0142em medi\u00f3w oraz Przedstawicieli&#46;&#46;&#46;<\/p>\n","protected":false},"author":1,"featured_media":0,"comment_status":"closed","ping_status":"open","sticky":false,"template":"","format":"standard","meta":[],"categories":[8],"tags":[],"_links":{"self":[{"href":"https:\/\/ustronie.radom.pl\/cms\/wp-json\/wp\/v2\/posts\/3881"}],"collection":[{"href":"https:\/\/ustronie.radom.pl\/cms\/wp-json\/wp\/v2\/posts"}],"about":[{"href":"https:\/\/ustronie.radom.pl\/cms\/wp-json\/wp\/v2\/types\/post"}],"author":[{"embeddable":true,"href":"https:\/\/ustronie.radom.pl\/cms\/wp-json\/wp\/v2\/users\/1"}],"replies":[{"embeddable":true,"href":"https:\/\/ustronie.radom.pl\/cms\/wp-json\/wp\/v2\/comments?post=3881"}],"version-history":[{"count":1,"href":"https:\/\/ustronie.radom.pl\/cms\/wp-json\/wp\/v2\/posts\/3881\/revisions"}],"predecessor-version":[{"id":3882,"href":"https:\/\/ustronie.radom.pl\/cms\/wp-json\/wp\/v2\/posts\/3881\/revisions\/3882"}],"wp:attachment":[{"href":"https:\/\/ustronie.radom.pl\/cms\/wp-json\/wp\/v2\/media?parent=3881"}],"wp:term":[{"taxonomy":"category","embeddable":true,"href":"https:\/\/ustronie.radom.pl\/cms\/wp-json\/wp\/v2\/categories?post=3881"},{"taxonomy":"post_tag","embeddable":true,"href":"https:\/\/ustronie.radom.pl\/cms\/wp-json\/wp\/v2\/tags?post=3881"}],"curies":[{"name":"wp","href":"https:\/\/api.w.org\/{rel}","templated":true}]}}