{"id":5502,"date":"2026-03-06T06:00:00","date_gmt":"2026-03-06T05:00:00","guid":{"rendered":"https:\/\/ustronie.radom.pl\/cms\/?p=5502"},"modified":"2026-03-05T09:40:16","modified_gmt":"2026-03-05T08:40:16","slug":"ogloszenie-o-przetargu-5","status":"publish","type":"post","link":"https:\/\/ustronie.radom.pl\/cms\/2026\/03\/06\/ogloszenie-o-przetargu-5\/","title":{"rendered":"OG\u0141OSZENIE o PRZETARGU"},"content":{"rendered":"\n<p><strong><em>Sp\u00f3\u0142dzielnia Mieszkaniowa \u201dUSTRONIE\u201d w Radomiu z siedzib\u0105 przy ul. Wy\u015bcigowej 19 og\u0142asza przetarg ustny nieograniczony na pierwsze\u0144stwo ustanowienia prawa odr\u0119bnej w\u0142asno\u015bci<\/em><\/strong><\/p>\n\n\n\n<p>lokalu mieszkalnego&nbsp; \u2013&nbsp;&nbsp;&nbsp; <strong>Komandos\u00f3w 4 m. 65&nbsp; <\/strong>&#8211; I pi\u0119tro,&nbsp;&nbsp; <strong>1 pok\u00f3j z&nbsp;kuchni\u0105,&nbsp; <\/strong>opow. u\u017cytkowej&nbsp; <strong>29,00 m\u00b2, <\/strong>cena wywo\u0142awcza<strong> 140.000&nbsp;z\u0142&nbsp; &#8211; <\/strong>wadium 10.000 z\u0142,<\/p>\n\n\n\n<p>lokalu mieszkalnego \u2013 <strong>Osiedlowa 17A m. 3<\/strong> \u2013 parter, <strong>2 pokoje z kuchni\u0105,<\/strong> o pow. u\u017cytkowej <strong>43,20 m<sup>2<\/sup><\/strong>, cena wywo\u0142awcza <strong>195.000 z\u0142<\/strong> \u2013 wadium 10.000 z\u0142.<\/p>\n\n\n\n<p><em><u>Warunkiem uczestnictwa w przetargu jest wp\u0142acenie wadium do godziny 14<sup>oo<\/sup> dnia<\/u><\/em><strong><em><u>23.03.2026 <\/u><\/em><\/strong><em><u>roku na konto Sp\u00f3\u0142dzielni:<\/u><\/em><\/p>\n\n\n\n<p><strong><em>&nbsp; <\/em><\/strong><strong><em><u>ING Bank \u015al\u0105ski SA&nbsp; nr konta 40 1050 1793 1000 0090 3137 3724<\/u><\/em><\/strong><\/p>\n\n\n\n<p>Przetarg&nbsp; odb\u0119dzie&nbsp; si\u0119 <strong>&nbsp;<\/strong>w siedzibie&nbsp; Sp\u00f3\u0142dzielni&nbsp; przy ul. Wy\u015bcigowej 19&nbsp; w&nbsp; sali narad w dniu<strong>&nbsp; 24.03.2026 r.<\/strong><\/p>\n\n\n\n<p><strong>&#8211; na mieszkanie ul. Komandos\u00f3w 4 m. 65&nbsp;&nbsp;&nbsp;&nbsp;&nbsp;&nbsp;&nbsp;&nbsp; &#8211; o godz. 10<sup>00<\/sup><\/strong><\/p>\n\n\n\n<p><strong>&#8211; na mieszkanie Osiedlowa 17A m. 3&nbsp;&nbsp;&nbsp;&nbsp;&nbsp;&nbsp;&nbsp;&nbsp;&nbsp;&nbsp;&nbsp;&nbsp;&nbsp;&nbsp;&nbsp;&nbsp; &#8211; o godz. 10<sup>30<\/sup><\/strong><\/p>\n\n\n\n<p>Mieszkania&nbsp; mo\u017cna obejrze\u0107 w dniu <strong>&nbsp;18.03.2026 r.: Komandos\u00f3w 4 m. 65 w godzinach 10<sup>00<\/sup> &#8211; 11<sup>00<\/sup>, Osiedlowa 17A m. 3 w&nbsp;godzinach 10<sup>30<\/sup> &#8211; 11<sup>30<\/sup><\/strong><\/p>\n\n\n\n<p>Przyst\u0119puj\u0105cy do przetargu zobowi\u0105zani s\u0105 do zapoznania si\u0119 z Regulaminem przetargu i do z\u0142o\u017cenia w dziale cz\u0142onkowsko-mieszkaniowym (stanowisko&nbsp;&nbsp;&nbsp;&nbsp;&nbsp; Nr 1) w terminie do godziny 14<sup>oo<\/sup> dnia poprzedzaj\u0105cego termin przetargu:<\/p>\n\n\n\n<p>&#8211; dow\u00f3d wp\u0142aty wadium,<\/p>\n\n\n\n<p>&#8211; pisemne o\u015bwiadczenie ze wskazaniem sposobu dokonania zwrotu wadium,<\/p>\n\n\n\n<p>&#8211; pisemne o\u015bwiadczenie o zapoznaniu si\u0119 z Regulaminem przeprowadzania przetarg\u00f3w,<\/p>\n\n\n\n<p>&#8211; pisemne o\u015bwiadczenie o akceptacji przewidzianej w regulaminie kary umownej,<\/p>\n\n\n\n<p>Przetarg zostanie przeprowadzony zgodnie z Regulaminem zatwierdzonym przez Rad\u0119 Nadzorcz\u0105 \u2013 uchwa\u0142a nr 38 z dnia 18.06.2018 r.<\/p>\n\n\n\n<p>W przetargu uczestnicz\u0105 wy\u0142\u0105cznie osoby, kt\u00f3re wp\u0142aci\u0142y wadium (bez os\u00f3b towarzysz\u0105cych). Osoba, kt\u00f3ra wygra\u0142a przetarg winna w terminie 30 dni od dnia, w kt\u00f3rym rozstrzygni\u0119to przetarg, wp\u0142aci\u0107 wylicytowan\u0105 cen\u0119. Po spe\u0142nieniu warunk\u00f3w statutowych z nabywc\u0105 w terminie 14 dni zostanie spisana notarialna umowa o ustanowienie prawa odr\u0119bnej w\u0142asno\u015bci lokalu mieszkalnego. Osoba, kt\u00f3ra wygra\u0142a przetarg winna odebra\u0107 klucze w terminie 7 dni od dnia podpisania aktu notarialnego.<\/p>\n\n\n\n<p>Sp\u00f3\u0142dzielnia zastrzega sobie prawo uniewa\u017cnienia przetargu ustnego nieograniczonego \u2013 licytacji bez podawania przyczyn na ka\u017cdym etapie post\u0119powania w przypadkach okre\u015blonych w art. 15 ust.2; ust. 4 oraz art. 16<sup>1 <\/sup>ust. 1; ust. 2 usm, bez prawa dochodzenia jakichkolwiek roszcze\u0144 przez uczestnik\u00f3w postepowania.<\/p>\n\n\n\n<p>Zwrot wadium nast\u0105pi na konto bankowe w ci\u0105gu 7 dni kalendarzowych od dnia przeprowadzenia licytacji.<\/p>\n\n\n\n<p><strong><em>&nbsp;&nbsp;&nbsp;&nbsp;&nbsp;&nbsp;&nbsp;&nbsp;&nbsp;&nbsp;&nbsp;&nbsp;&nbsp;&nbsp;&nbsp;&nbsp;&nbsp;&nbsp;&nbsp;&nbsp;&nbsp;&nbsp;&nbsp;&nbsp;&nbsp;&nbsp;&nbsp;&nbsp;&nbsp;&nbsp;&nbsp;&nbsp;&nbsp;&nbsp;&nbsp;&nbsp;&nbsp;&nbsp;&nbsp;&nbsp;&nbsp;&nbsp;&nbsp;&nbsp;&nbsp;&nbsp;&nbsp;&nbsp;&nbsp;&nbsp;&nbsp;&nbsp;&nbsp;&nbsp;&nbsp;&nbsp;&nbsp;&nbsp;&nbsp;&nbsp;&nbsp;&nbsp;&nbsp;&nbsp;&nbsp;&nbsp;&nbsp;&nbsp;&nbsp;&nbsp;&nbsp;&nbsp;&nbsp;&nbsp;&nbsp;&nbsp;&nbsp;&nbsp;&nbsp;&nbsp;&nbsp;&nbsp;&nbsp;&nbsp;&nbsp;&nbsp;&nbsp;&nbsp;&nbsp;&nbsp;&nbsp;&nbsp;&nbsp;&nbsp;&nbsp;&nbsp;&nbsp;&nbsp;&nbsp;&nbsp;&nbsp;&nbsp;&nbsp;&nbsp;&nbsp;&nbsp;&nbsp;&nbsp;&nbsp;&nbsp;&nbsp;&nbsp;&nbsp;&nbsp;&nbsp;&nbsp;&nbsp;&nbsp;&nbsp;&nbsp;&nbsp;&nbsp;&nbsp;&nbsp;&nbsp;&nbsp;&nbsp;&nbsp;&nbsp;&nbsp;&nbsp;&nbsp;&nbsp;&nbsp;&nbsp;&nbsp;&nbsp;&nbsp;&nbsp;&nbsp;&nbsp;&nbsp;&nbsp;&nbsp;&nbsp;&nbsp;&nbsp;&nbsp;&nbsp;&nbsp;&nbsp;&nbsp;&nbsp;&nbsp;&nbsp;&nbsp;&nbsp;&nbsp;&nbsp;&nbsp;&nbsp;&nbsp;&nbsp;&nbsp;&nbsp;&nbsp;&nbsp;&nbsp;&nbsp;&nbsp;&nbsp;&nbsp;&nbsp; Zarz\u0105d SM \u201dUSTRONIE<\/em><\/strong><strong><em>\u201d<\/em><\/strong><\/p>\n\n\n\n<p><\/p>\n","protected":false},"excerpt":{"rendered":"<p>Sp\u00f3\u0142dzielnia Mieszkaniowa \u201dUSTRONIE\u201d w Radomiu z siedzib\u0105 przy ul. Wy\u015bcigowej 19 og\u0142asza przetarg ustny nieograniczony na pierwsze\u0144stwo ustanowienia prawa odr\u0119bnej w\u0142asno\u015bci lokalu mieszkalnego&nbsp; \u2013&nbsp;&nbsp;&nbsp; Komandos\u00f3w 4 m. 65&nbsp; &#8211; I pi\u0119tro,&nbsp;&nbsp; 1 pok\u00f3j z&nbsp;kuchni\u0105,&nbsp;&#46;&#46;&#46;<\/p>\n","protected":false},"author":4,"featured_media":0,"comment_status":"closed","ping_status":"open","sticky":false,"template":"","format":"standard","meta":[],"categories":[8,7],"tags":[],"_links":{"self":[{"href":"https:\/\/ustronie.radom.pl\/cms\/wp-json\/wp\/v2\/posts\/5502"}],"collection":[{"href":"https:\/\/ustronie.radom.pl\/cms\/wp-json\/wp\/v2\/posts"}],"about":[{"href":"https:\/\/ustronie.radom.pl\/cms\/wp-json\/wp\/v2\/types\/post"}],"author":[{"embeddable":true,"href":"https:\/\/ustronie.radom.pl\/cms\/wp-json\/wp\/v2\/users\/4"}],"replies":[{"embeddable":true,"href":"https:\/\/ustronie.radom.pl\/cms\/wp-json\/wp\/v2\/comments?post=5502"}],"version-history":[{"count":1,"href":"https:\/\/ustronie.radom.pl\/cms\/wp-json\/wp\/v2\/posts\/5502\/revisions"}],"predecessor-version":[{"id":5503,"href":"https:\/\/ustronie.radom.pl\/cms\/wp-json\/wp\/v2\/posts\/5502\/revisions\/5503"}],"wp:attachment":[{"href":"https:\/\/ustronie.radom.pl\/cms\/wp-json\/wp\/v2\/media?parent=5502"}],"wp:term":[{"taxonomy":"category","embeddable":true,"href":"https:\/\/ustronie.radom.pl\/cms\/wp-json\/wp\/v2\/categories?post=5502"},{"taxonomy":"post_tag","embeddable":true,"href":"https:\/\/ustronie.radom.pl\/cms\/wp-json\/wp\/v2\/tags?post=5502"}],"curies":[{"name":"wp","href":"https:\/\/api.w.org\/{rel}","templated":true}]}}