{"id":5514,"date":"2026-03-06T08:05:07","date_gmt":"2026-03-06T07:05:07","guid":{"rendered":"https:\/\/ustronie.radom.pl\/cms\/?p=5514"},"modified":"2026-03-06T08:05:08","modified_gmt":"2026-03-06T07:05:08","slug":"rozstrzygniecie-postepowania-z-dn-10-02-2026-r","status":"publish","type":"post","link":"https:\/\/ustronie.radom.pl\/cms\/2026\/03\/06\/rozstrzygniecie-postepowania-z-dn-10-02-2026-r\/","title":{"rendered":"Rozstrzygni\u0119cie post\u0119powania z dn. 10.02.2026 r."},"content":{"rendered":"\n<p>Zarz\u0105d Sp\u00f3\u0142dzielni Mieszkaniowej \u201eUstronie\u201d informuje, \u017ce post\u0119powanie przeprowadzone w trybie przetargu nieograniczonego z dnia 10.02.2026 r. na <strong>opracowanie projekt\u00f3w budowlano &#8211; wykonawczych na przebudow\u0119 wewn\u0119trznej instalacji centralnej ciep\u0142ej wody u\u017cytkowej (c.w.u.) z cyrkulacj\u0105 w 11-stu budynkach mieszkalnych wielorodzinnych przy ul.: Grenadier\u00f3w 5; 6; 8; 10; 7\/9;<br>J. Gagarina 13\/15\/17; 21\/23; Sandomierska 10; 15; 26; 28 <\/strong>zosta\u0142o rozstrzygni\u0119te.<\/p>\n\n\n\n<p>Wybrana zosta\u0142a oferta firmy <strong>DK \u2013 PRO Dorota Kopycka, ul. Jana Paw\u0142a II 4\/21, 26-600 Radom <\/strong> za \u0142\u0105czn\u0105 kwot\u0119 <strong>68\u00a0280,00 z\u0142 brutto<\/strong>.<\/p>\n","protected":false},"excerpt":{"rendered":"<p>Zarz\u0105d Sp\u00f3\u0142dzielni Mieszkaniowej \u201eUstronie\u201d informuje, \u017ce post\u0119powanie przeprowadzone w trybie przetargu nieograniczonego z dnia 10.02.2026 r. na opracowanie projekt\u00f3w budowlano &#8211; wykonawczych na przebudow\u0119 wewn\u0119trznej instalacji centralnej ciep\u0142ej wody u\u017cytkowej (c.w.u.) z cyrkulacj\u0105 w&#46;&#46;&#46;<\/p>\n","protected":false},"author":2,"featured_media":0,"comment_status":"closed","ping_status":"open","sticky":false,"template":"","format":"standard","meta":[],"categories":[7],"tags":[],"_links":{"self":[{"href":"https:\/\/ustronie.radom.pl\/cms\/wp-json\/wp\/v2\/posts\/5514"}],"collection":[{"href":"https:\/\/ustronie.radom.pl\/cms\/wp-json\/wp\/v2\/posts"}],"about":[{"href":"https:\/\/ustronie.radom.pl\/cms\/wp-json\/wp\/v2\/types\/post"}],"author":[{"embeddable":true,"href":"https:\/\/ustronie.radom.pl\/cms\/wp-json\/wp\/v2\/users\/2"}],"replies":[{"embeddable":true,"href":"https:\/\/ustronie.radom.pl\/cms\/wp-json\/wp\/v2\/comments?post=5514"}],"version-history":[{"count":1,"href":"https:\/\/ustronie.radom.pl\/cms\/wp-json\/wp\/v2\/posts\/5514\/revisions"}],"predecessor-version":[{"id":5515,"href":"https:\/\/ustronie.radom.pl\/cms\/wp-json\/wp\/v2\/posts\/5514\/revisions\/5515"}],"wp:attachment":[{"href":"https:\/\/ustronie.radom.pl\/cms\/wp-json\/wp\/v2\/media?parent=5514"}],"wp:term":[{"taxonomy":"category","embeddable":true,"href":"https:\/\/ustronie.radom.pl\/cms\/wp-json\/wp\/v2\/categories?post=5514"},{"taxonomy":"post_tag","embeddable":true,"href":"https:\/\/ustronie.radom.pl\/cms\/wp-json\/wp\/v2\/tags?post=5514"}],"curies":[{"name":"wp","href":"https:\/\/api.w.org\/{rel}","templated":true}]}}